{"id":1818,"date":"2025-01-21T10:26:10","date_gmt":"2025-01-21T10:26:10","guid":{"rendered":"https:\/\/clients.spids.co.in\/eisentechnology\/?p=1818"},"modified":"2025-11-01T20:42:19","modified_gmt":"2025-11-01T20:42:19","slug":"l-influence-du-contexte-culturel-sur-la-perception-de-la-valeur-des-objets-precieux","status":"publish","type":"post","link":"https:\/\/clients.spids.co.in\/eisentechnology\/l-influence-du-contexte-culturel-sur-la-perception-de-la-valeur-des-objets-precieux\/","title":{"rendered":"L&#8217;influence du contexte culturel sur la perception de la valeur des objets pr\u00e9cieux"},"content":{"rendered":"<div style=\"margin: 20px 0; font-family: Arial, sans-serif; line-height: 1.6; font-size: 1.1em; color: #34495e;\">\n<p style=\"margin-bottom: 15px;\">Les objets pr\u00e9cieux ont toujours occup\u00e9 une place centrale dans la culture fran\u00e7aise et francophone, incarnant non seulement un patrimoine historique mais \u00e9galement une identit\u00e9 sociale et une symbolique profonde. Leur valeur n\u2019est pas uniquement d\u00e9termin\u00e9e par leur aspect mat\u00e9riel ou leur raret\u00e9, mais aussi par le contexte culturel dans lequel ils \u00e9voluent. Comprendre cette influence permet d\u2019appr\u00e9hender la complexit\u00e9 de leur perception et de leur reconnaissance \u00e0 travers le temps.<\/p>\n<h2 style=\"font-family: Arial, sans-serif; font-size: 1.8em; color: #2980b9; margin-top: 30px;\">Table des mati\u00e8res<\/h2>\n<ul style=\"list-style-type: disc; margin-left: 20px;\">\n<li><a href=\"#valeurs-culturelles\" style=\"color: #2980b9; text-decoration: none;\">L&#8217;influence des valeurs culturelles sur la perception des objets pr\u00e9cieux<\/a><\/li>\n<li><a href=\"#dimension-sociale\" style=\"color: #2980b9; text-decoration: none;\">La dimension sociale et identitaire dans l&#8217;appr\u00e9ciation des objets pr\u00e9cieux<\/a><\/li>\n<li><a href=\"#narration-legendes\" style=\"color: #2980b9; text-decoration: none;\">La narration et la l\u00e9gende : construction de la valeur \u00e0 travers les histoires culturelles<\/a><\/li>\n<li><a href=\"#perception-contemporaine\" style=\"color: #2980b9; text-decoration: none;\">La perception contemporaine : influence des m\u00e9dias et de la mondialisation<\/a><\/li>\n<li><a href=\"#rarete-authenticite\" style=\"color: #2980b9; text-decoration: none;\">La perception de la raret\u00e9 et de l\u2019authenticit\u00e9 dans diff\u00e9rents contextes culturels<\/a><\/li>\n<li><a href=\"#pratiques-religieuses\" style=\"color: #2980b9; text-decoration: none;\">La perception des objets pr\u00e9cieux dans le cadre des pratiques religieuses et spirituelles<\/a><\/li>\n<li><a href=\"#mus\u00e9es-collections\" style=\"color: #2980b9; text-decoration: none;\">La r\u00e9sonance culturelle et le r\u00f4le des mus\u00e9es, expositions et collections priv\u00e9es<\/a><\/li>\n<li><a href=\"#approche-holistique\" style=\"color: #2980b9; text-decoration: none;\">Vers une compr\u00e9hension int\u00e9gr\u00e9e : comment le contexte culturel enrichit la r\u00e9flexion<\/a><\/li>\n<\/ul>\n<h2 id=\"valeurs-culturelles\" style=\"font-family: Arial, sans-serif; font-size: 1.8em; color: #2980b9; margin-top: 30px;\">L&#8217;influence des valeurs culturelles sur la perception des objets pr\u00e9cieux<\/h2>\n<p style=\"margin-bottom: 15px;\">Dans diff\u00e9rentes cultures fran\u00e7aises et francophones, la symbolique attach\u00e9e aux objets pr\u00e9cieux varie consid\u00e9rablement. Par exemple, en France, la <strong>broderie de diamants<\/strong> ou les <em>bijoux de famille<\/em> ont souvent une signification h\u00e9rit\u00e9e de traditions aristocratiques ou religieuses, incarnant la continuit\u00e9 d\u2019un patrimoine transmis de g\u00e9n\u00e9ration en g\u00e9n\u00e9ration. En Afrique francophone, certains objets comme les masques ou les amulettes en or portent une symbolique religieuse ou rituelle, inscrite dans la m\u00e9moire collective.<\/p>\n<p style=\"margin-bottom: 15px;\">Ces diff\u00e9rences illustrent que la perception de la valeur ne se limite pas \u00e0 une question esth\u00e9tique ou mon\u00e9taire, mais s\u2019enracine profond\u00e9ment dans la symbolique et la m\u00e9moire collective. La place qu\u2019occupent ces objets dans la tradition, leur association \u00e0 des rites ou des \u00e9v\u00e9nements historiques, conf\u00e8rent \u00e0 chacun une valeur sp\u00e9cifique, souvent intangible mais essentielle \u00e0 leur reconnaissance culturelle.<\/p>\n<h2 id=\"dimension-sociale\" style=\"font-family: Arial, sans-serif; font-size: 1.8em; color: #2980b9; margin-top: 30px;\">La dimension sociale et identitaire dans l&#8217;appr\u00e9ciation des objets pr\u00e9cieux<\/h2>\n<p style=\"margin-bottom: 15px;\">La perception de la valeur des objets pr\u00e9cieux est \u00e9galement fa\u00e7onn\u00e9e par le contexte social. <strong>Les classes sociales<\/strong> diff\u00e9rencient parfois leur appr\u00e9ciation : pour certains, un bijou ancien t\u00e9moigne de prestige et d\u2019appartenance \u00e0 une \u00e9lite, tandis que d\u2019autres y voient un symbole d\u2019authenticit\u00e9 ou de simplicit\u00e9.<\/p>\n<p style=\"margin-bottom: 15px;\">De plus, le contexte familial et r\u00e9gional influe grandement sur la perception. Par exemple, dans le sud de la France, la tradition de transmettre des <em>montres de famille<\/em> ou des <em>pi\u00e8ces d\u2019orf\u00e8vrerie<\/em> participe \u00e0 renforcer l\u2019attachement \u00e0 un h\u00e9ritage local ou familial. La transmission culturelle joue un r\u00f4le primordial : elle fa\u00e7onne la mani\u00e8re dont chaque g\u00e9n\u00e9ration valorise ces objets, souvent en y associant des r\u00e9cits personnels ou familiaux, renfor\u00e7ant ainsi leur importance symbolique.<\/p>\n<h2 id=\"narration-legendes\" style=\"font-family: Arial, sans-serif; font-size: 1.8em; color: #2980b9; margin-top: 30px;\">La narration et la l\u00e9gende : construction de la valeur \u00e0 travers les histoires culturelles<\/h2>\n<p style=\"margin-bottom: 15px;\">Les r\u00e9cits, mythes et l\u00e9gendes li\u00e9s aux objets pr\u00e9cieux jouent un r\u00f4le crucial dans leur construction de valeur. En France, la l\u00e9gende de la <em>Pierre de Rosette<\/em>, ou encore l\u2019histoire des <em>jewelries de la couronne<\/em>, participent \u00e0 l\u00e9gitimer leur importance culturelle et historique. Ces histoires apportent une dimension narrative qui d\u00e9passe la simple possession mat\u00e9rielle.<\/p>\n<p style=\"margin-bottom: 15px;\">La cr\u00e9ation de valeur s\u2019appuie \u00e9galement sur l\u2019histoire orale et \u00e9crite. Les anecdotes transmises de g\u00e9n\u00e9ration en g\u00e9n\u00e9ration, telles que celles associ\u00e9es \u00e0 la <em>Croix de Lorraine<\/em> ou \u00e0 certains objets du patrimoine religieux, renforcent leur l\u00e9gitimit\u00e9 et leur aura symbolique. <strong>Ces r\u00e9cits fondateurs donnent aux objets une identit\u00e9 collective, inscrite dans la m\u00e9moire collective<\/strong>.<\/p>\n<h2 id=\"perception-contemporaine\" style=\"font-family: Arial, sans-serif; font-size: 1.8em; color: #2980b9; margin-top: 30px;\">La perception contemporaine : influence des m\u00e9dias et de la mondialisation<\/h2>\n<p style=\"margin-bottom: 15px;\">\u00c0 l\u2019\u00e8re num\u00e9rique, la red\u00e9finition de la valeur s\u2019acc\u00e9l\u00e8re sous l\u2019effet des m\u00e9dias et de la mondialisation. Les objets pr\u00e9cieux, d\u00e9sormais visibles \u00e0 travers les r\u00e9seaux sociaux ou les ventes aux ench\u00e8res en ligne, acqui\u00e8rent une notori\u00e9t\u00e9 instantan\u00e9e. La popularit\u00e9 d\u2019un bijou ancien lors d\u2019une vente Sotheby\u2019s ou d\u2019un \u00e9pisode de t\u00e9l\u00e9-r\u00e9alit\u00e9 peut transformer sa perception, le pla\u00e7ant sous le regard du monde entier.<\/p>\n<p style=\"margin-bottom: 15px;\">Par ailleurs, la mondialisation tend \u00e0 homog\u00e9n\u00e9iser certaines perceptions culturelles, rendant la notion de raret\u00e9 ou d\u2019authenticit\u00e9 plus relative. Cependant, face \u00e0 cette uniformisation, des initiatives locales, comme la valorisation des artisans locaux ou la r\u00e9habilitation des objets traditionnels, montrent une volont\u00e9 de pr\u00e9server une identit\u00e9 culturelle sp\u00e9cifique.<\/p>\n<h2 id=\"rarete-authenticite\" style=\"font-family: Arial, sans-serif; font-size: 1.8em; color: #2980b9; margin-top: 30px;\">La perception de la raret\u00e9 et de l\u2019authenticit\u00e9 dans diff\u00e9rents contextes culturels<\/h2>\n<p style=\"margin-bottom: 15px;\">La qu\u00eate d\u2019unicit\u00e9 constitue un aspect fondamental dans la perception fran\u00e7aise de la valeur. La raret\u00e9, que ce soit pour un diamant ou un objet d\u2019art, renforce son attrait en tant qu\u2019expression d\u2019un patrimoine exceptionnel. La l\u00e9gitimit\u00e9 de l\u2019authenticit\u00e9, notamment face \u00e0 la production de masse, reste essentielle pour garantir cette valeur.<\/p>\n<p style=\"margin-bottom: 15px;\">Dans certaines r\u00e9gions, la perception de la raret\u00e9 est li\u00e9e \u00e0 la culture locale : en Corse, par exemple, une vieille pi\u00e8ce de joaillerie ou un objet ancestral repr\u00e9sentent une m\u00e9moire vivante de l\u2019histoire insulaire. La raret\u00e9 devient alors le miroir d\u2019une identit\u00e9 r\u00e9gionale, renfor\u00e7ant le lien entre culture locale et perception de valeur.<\/p>\n<h2 id=\"pratiques-religieuses\" style=\"font-family: Arial, sans-serif; font-size: 1.8em; color: #2980b9; margin-top: 30px;\">La perception des objets pr\u00e9cieux dans le cadre des pratiques religieuses et spirituelles<\/h2>\n<p style=\"margin-bottom: 15px;\">Dans le contexte religieux, la valeur des objets pr\u00e9cieux d\u00e9passe souvent leur aspect mat\u00e9riel. La symbolique religieuse conf\u00e8re \u00e0 certains objets, comme les reliques ou les croix en or, une importance sacr\u00e9e. Ces objets sont parfois consid\u00e9r\u00e9s comme des vecteurs de foi, de protection ou de b\u00e9n\u00e9dictions, inscrivant leur valeur dans une dimension spirituelle.<\/p>\n<p style=\"margin-bottom: 15px;\">La sacralisation des objets, notamment dans le catholicisme en France ou dans certaines traditions africaines francophones, contribue \u00e0 leur l\u00e9gitimit\u00e9 et \u00e0 leur aura. La distinction entre valeur mat\u00e9rielle et valeur spirituelle devient alors fondamentale : un objet peut \u00eatre pr\u00e9cieux par sa charge symbolique, ind\u00e9pendamment de sa valeur mon\u00e9taire.<\/p>\n<h2 id=\"musees-collections\" style=\"font-family: Arial, sans-serif; font-size: 1.8em; color: #2980b9; margin-top: 30px;\">La r\u00e9sonance culturelle et le r\u00f4le des mus\u00e9es, expositions et collections priv\u00e9es<\/h2>\n<p style=\"margin-bottom: 15px;\">Les mus\u00e9es et collections priv\u00e9es jouent un r\u00f4le crucial dans la mise en valeur des objets pr\u00e9cieux, en les inscrivant dans une perspective culturelle et historique. La mani\u00e8re dont ces objets sont pr\u00e9sent\u00e9s influence leur perception par le public : une exposition soigneusement orchestr\u00e9e peut renforcer leur aura et leur importance symbolique.<\/p>\n<p style=\"margin-bottom: 15px;\">Par exemple, au Louvre ou au Mus\u00e9e d\u2019Orsay, la mise en sc\u00e8ne des pi\u00e8ces rares, accompagn\u00e9e de commentaires historiques, conf\u00e8re \u00e0 ces objets une l\u00e9gitimit\u00e9 renforc\u00e9e. La perception publique de leur valeur d\u00e9pend alors autant de leur contexte d\u2019exposition que de leur provenance ou de leur histoire.<\/p>\n<h2 id=\"approche-holistique\" style=\"font-family: Arial, sans-serif; font-size: 1.8em; color: #2980b9; margin-top: 30px;\">Vers une compr\u00e9hension int\u00e9gr\u00e9e : comment le contexte culturel enrichit la r\u00e9flexion<\/h2>\n<p style=\"margin-bottom: 15px;\">Il appara\u00eet essentiel d\u2019adopter une approche holistique pour <a href=\"https:\/\/seedspro.cl\/comment-la-valeur-des-objets-precieux-reflete-leur-histoire-et-leur-usage\/\">saisir<\/a> la complexit\u00e9 de la perception de la valeur des objets pr\u00e9cieux. La valeur n\u2019est pas une donn\u00e9e isol\u00e9e, mais le r\u00e9sultat d\u2019une interaction entre histoire, usage, symbolique et contexte culturel. <strong>Une pi\u00e8ce d\u2019orf\u00e8vrerie peut \u00eatre \u00e0 la fois un symbole familial, un vestige historique ou un objet sacr\u00e9, selon le regard port\u00e9 par la soci\u00e9t\u00e9<\/strong>.<\/p>\n<blockquote style=\"border-left: 4px solid #bdc3c7; padding-left: 15px; margin: 20px 0; color: #7f8c8d; font-style: italic;\"><p>\u00ab La valeur d\u2019un objet pr\u00e9cieux ne se limite pas \u00e0 sa composition mat\u00e9rielle, elle na\u00eet aussi de l\u2019histoire qui l\u2019entoure et de la culture qu\u2019il incarne. \u00bb<\/p><\/blockquote>\n<p style=\"margin-bottom: 15px;\">En d\u00e9finitive, la perception des objets pr\u00e9cieux est un reflet complexe et \u00e9volutif du contexte culturel. La reconnaissance de cette diversit\u00e9 permet de mieux comprendre l\u2019importance de pr\u00e9server, valoriser et transmettre ces patrimoines dans toute leur richesse symbolique et historique. Pour approfondir cette r\u00e9flexion, vous pouvez consulter l\u2019article <a href=\"https:\/\/seedspro.cl\/comment-la-valeur-des-objets-precieux-refleteur-histoire-et-usage\/\" style=\"color: #2980b9; text-decoration: underline;\">Comment la valeur des objets pr\u00e9cieux refl\u00e8te leur histoire et leur usage<\/a>.<\/p>\n<\/div>\n","protected":false},"excerpt":{"rendered":"<p>Les objets pr\u00e9cieux ont toujours occup\u00e9 une place centrale dans la culture fran\u00e7aise et francophone, incarnant non seulement un patrimoine historique mais \u00e9galement une identit\u00e9 sociale et une symbolique profonde. Leur valeur n\u2019est pas uniquement d\u00e9termin\u00e9e par leur aspect mat\u00e9riel ou leur raret\u00e9, mais aussi par le contexte culturel dans lequel ils \u00e9voluent. Comprendre cette [&hellip;]<\/p>\n","protected":false},"author":1,"featured_media":0,"comment_status":"open","ping_status":"open","sticky":false,"template":"","format":"standard","meta":{"_uag_custom_page_level_css":"","site-sidebar-layout":"default","site-content-layout":"","ast-site-content-layout":"","site-content-style":"default","site-sidebar-style":"default","ast-global-header-display":"","ast-banner-title-visibility":"","ast-main-header-display":"","ast-hfb-above-header-display":"","ast-hfb-below-header-display":"","ast-hfb-mobile-header-display":"","site-post-title":"","ast-breadcrumbs-content":"","ast-featured-img":"","footer-sml-layout":"","theme-transparent-header-meta":"","adv-header-id-meta":"","stick-header-meta":"","header-above-stick-meta":"","header-main-stick-meta":"","header-below-stick-meta":"","astra-migrate-meta-layouts":"default","ast-page-background-enabled":"default","ast-page-background-meta":{"desktop":{"background-color":"","background-image":"","background-repeat":"repeat","background-position":"center center","background-size":"auto","background-attachment":"scroll","background-type":"","background-media":"","overlay-type":"","overlay-color":"","overlay-opacity":"","overlay-gradient":""},"tablet":{"background-color":"","background-image":"","background-repeat":"repeat","background-position":"center center","background-size":"auto","background-attachment":"scroll","background-type":"","background-media":"","overlay-type":"","overlay-color":"","overlay-opacity":"","overlay-gradient":""},"mobile":{"background-color":"","background-image":"","background-repeat":"repeat","background-position":"center center","background-size":"auto","background-attachment":"scroll","background-type":"","background-media":"","overlay-type":"","overlay-color":"","overlay-opacity":"","overlay-gradient":""}},"ast-content-background-meta":{"desktop":{"background-color":"var(--ast-global-color-5)","background-image":"","background-repeat":"repeat","background-position":"center center","background-size":"auto","background-attachment":"scroll","background-type":"","background-media":"","overlay-type":"","overlay-color":"","overlay-opacity":"","overlay-gradient":""},"tablet":{"background-color":"var(--ast-global-color-5)","background-image":"","background-repeat":"repeat","background-position":"center center","background-size":"auto","background-attachment":"scroll","background-type":"","background-media":"","overlay-type":"","overlay-color":"","overlay-opacity":"","overlay-gradient":""},"mobile":{"background-color":"var(--ast-global-color-5)","background-image":"","background-repeat":"repeat","background-position":"center center","background-size":"auto","background-attachment":"scroll","background-type":"","background-media":"","overlay-type":"","overlay-color":"","overlay-opacity":"","overlay-gradient":""}},"footnotes":""},"categories":[1],"tags":[],"class_list":["post-1818","post","type-post","status-publish","format-standard","hentry","category-blog"],"uagb_featured_image_src":{"full":false,"thumbnail":false,"medium":false,"medium_large":false,"large":false,"RoboGalleryMansoryImagesCenter":false,"RoboGalleryMansoryImagesTop":false,"1536x1536":false,"2048x2048":false},"uagb_author_info":{"display_name":"ET_Admin","author_link":"https:\/\/clients.spids.co.in\/eisentechnology\/author\/et_admin\/"},"uagb_comment_info":0,"uagb_excerpt":"Les objets pr\u00e9cieux ont toujours occup\u00e9 une place centrale dans la culture fran\u00e7aise et francophone, incarnant non seulement un patrimoine historique mais \u00e9galement une identit\u00e9 sociale et une symbolique profonde. Leur valeur n\u2019est pas uniquement d\u00e9termin\u00e9e par leur aspect mat\u00e9riel ou leur raret\u00e9, mais aussi par le contexte culturel dans lequel ils \u00e9voluent. Comprendre cette&hellip;","_links":{"self":[{"href":"https:\/\/clients.spids.co.in\/eisentechnology\/wp-json\/wp\/v2\/posts\/1818"}],"collection":[{"href":"https:\/\/clients.spids.co.in\/eisentechnology\/wp-json\/wp\/v2\/posts"}],"about":[{"href":"https:\/\/clients.spids.co.in\/eisentechnology\/wp-json\/wp\/v2\/types\/post"}],"author":[{"embeddable":true,"href":"https:\/\/clients.spids.co.in\/eisentechnology\/wp-json\/wp\/v2\/users\/1"}],"replies":[{"embeddable":true,"href":"https:\/\/clients.spids.co.in\/eisentechnology\/wp-json\/wp\/v2\/comments?post=1818"}],"version-history":[{"count":1,"href":"https:\/\/clients.spids.co.in\/eisentechnology\/wp-json\/wp\/v2\/posts\/1818\/revisions"}],"predecessor-version":[{"id":1819,"href":"https:\/\/clients.spids.co.in\/eisentechnology\/wp-json\/wp\/v2\/posts\/1818\/revisions\/1819"}],"wp:attachment":[{"href":"https:\/\/clients.spids.co.in\/eisentechnology\/wp-json\/wp\/v2\/media?parent=1818"}],"wp:term":[{"taxonomy":"category","embeddable":true,"href":"https:\/\/clients.spids.co.in\/eisentechnology\/wp-json\/wp\/v2\/categories?post=1818"},{"taxonomy":"post_tag","embeddable":true,"href":"https:\/\/clients.spids.co.in\/eisentechnology\/wp-json\/wp\/v2\/tags?post=1818"}],"curies":[{"name":"wp","href":"https:\/\/api.w.org\/{rel}","templated":true}]}}